{"id":951,"date":"2024-10-25T09:12:03","date_gmt":"2024-10-25T07:12:03","guid":{"rendered":"https:\/\/aepl.eu\/?p=951"},"modified":"2025-08-22T10:26:21","modified_gmt":"2025-08-22T08:26:21","slug":"il-nuovo-panorama-europeo-parte-ii","status":"publish","type":"post","link":"https:\/\/aepl.eu\/it\/il-nuovo-panorama-europeo-parte-ii\/","title":{"rendered":"Il nuovo paesaggio europeo - Parte II"},"content":{"rendered":"<p><strong>Quale Europa per il prossimo quinquennio 2024-2029? Parte II<\/strong><\/p>\n<p><strong>La Commissione europea.<\/strong><\/p>\n<p>\u00c8 naturalmente nell\u2019ambito di questo programma strategico che si inseriscono gli orientamenti politici per la prossima Commissione europea 2024\u20132029,\u00a0 nel discorso intitolato \u00abLa scelta dell\u2019Europa\u00bb con cui Ursula von der Leyen si \u00e8 presentata al voto dei deputati europei a Strasburgo lo scorso 18 luglio. Con 401 voti a favore su 720, ovvero 40 in pi\u00f9 rispetto alla maggioranza assoluta, \u00e8 stata eletta con un margine pi\u00f9 ampio rispetto al 2019, quando aveva ottenuto solo 9 voti di vantaggio. Sebbene il voto fosse segreto, si pu\u00f2 ipotizzare che abbiano votato contro di lei: i Patrioti di Jordan Bardella, l\u2019Europa delle nazioni sovrane (Orb\u00e1n),i 33 senza appartenenza politica (l\u2019estrema destra) e la destra radicale dei conservatori e dei riformatori (ECR della signora Meloni), ai quali si aggiunge l\u2019estrema sinistra \u00abThe Left\u00bb di Manon Aubry. Se ne deduce che alcuni deputati dell\u2019attuale maggioranza non abbiano votato a suo favore, quindi tra i gruppi: i socialdemocratici (S&amp;D), i centristi di Renaissance e il PPE, il suo gruppo politico, ai quali si sono uniti la maggior parte dei deputati dei Verdi.<\/p>\n<p>Rispetto ai suoi concorrenti, che erano nettamente pi\u00f9 a destra (i primi ministri croato e greco), Ursula von der Leyen appare come la pi\u00f9 centrista in un contesto in cui il Parlamento europeo si \u00e8 nettamente spostato a destra, se non addirittura oltre.<\/p>\n<p>Si \u00e8 impegnata ad attuare il pacchetto \u00abAsilo e migrazione\u00bb recentemente adottato (ma gi\u00e0 messo in discussione da diversi paesi) e non ha rinunciato al \u00abGreen Deal\u00bb, \u00a0e ha compiuto un gesto a favore dell\u2019industria automobilistica tedesca (carburante sintetico non inquinante dopo il 2035 per i motori a combustione interna).<\/p>\n<p>I deputati hanno cos\u00ec voluto evitare che la destituzione della presidente uscente aggiungesse un ulteriore elemento di instabilit\u00e0 all'attuale contesto geopolitico internazionale ed economico, che rischia di aggravarsi ulteriormente con le elezioni americane e i conflitti in corso.<\/p>\n<p>I punti salienti delle sue linee guida sono i seguenti:<\/p>\n<ol>\n<li>Un nuovo piano per la prosperit\u00e0 e la competitivit\u00e0 sostenibili dell\u2019Europa (agevolare l\u2019attivit\u00e0 delle imprese; promuovere un\u2019industria pulita; migliorare l\u2019unicit\u00e0 e la resilienza della nostra economia; stimolare la produttivit\u00e0 attraverso la diffusione delle tecnologie digitali; porre la ricerca e l\u2019innovazione al centro della nostra economia; decuplicare gli investimenti; ovviare alla carenza di competenze e di manodopera)<\/li>\n<li>Una nuova era per la difesa e la sicurezza europea (rendere l\u2019Unione europea della difesa una realt\u00e0; una strategia dell\u2019Unione per la preparazione alle crisi; un\u2019Europa pi\u00f9 sicura e meglio protetta; frontiere comuni rafforzate; agire in modo equo e risoluto in materia di migrazione)<\/li>\n<li>Sostenere le persone e rafforzare le nostre societ\u00e0 e il nostro modello sociale (l\u2019equit\u00e0 sociale in un\u2019economia moderna; ripristinare l\u2019unit\u00e0 della nostra societ\u00e0, sostenere i nostri giovani; un\u2019unione dell\u2019uguaglianza)<\/li>\n<li>Preservare la nostra qualit\u00e0 di vita  (sicurezza alimentare, acqua e natura, adattamento e preparazione ai cambiamenti climatici e solidariet\u00e0 in questo ambito)<\/li>\n<li>Proteggere la nostra democrazia, difendere i nostri valori (rafforzare lo Stato di diritto; porre i cittadini al centro della nostra democrazia)<\/li>\n<li>L\u2019Europa nel mondo: sfruttare il nostro potere e le nostre alleanze; l\u2019allargamento come imperativo geopolitico; un approccio pi\u00f9 strategico nei confronti dei nostri paesi vicini; una nuova politica economica estera; ridefinire il multilateralismo per il mondo di oggi)<\/li>\n<li>Raggiungere insieme gli obiettivi e preparare la nostra Unione per il futuro (un nuovo bilancio all\u2019altezza delle nostre ambizioni; un programma di riforme ambizioso per l\u2019Europa; agire in collaborazione con il Parlamento europeo).<\/li>\n<\/ol>\n<p>La composizione del suo collegio dei commissari \u00e8 stata pi\u00f9 complessa rispetto all\u2019ultima volta: infatti la signora von der Leyen aveva nuovamente cercato di garantire un equilibrio tra uomini e donne e aveva quindi chiesto agli Stati membri di presentare due candidature \u2013 nei casi in cui l\u2019attuale commissario non fosse stato riconfermato. Purtroppo, pochi Stati membri hanno assecondato questa richiesta, pur essendo stata insistente. Il collegio che ne \u00e8 risultato \u2013 che ovviamente deve ancora essere approvato, candidato per candidato e poi nell\u2019insieme, dalle commissioni competenti del Parlamento europeo \u2013 \u00e8 quindi composto da 11 donne, tra cui la presidente e quattro vicepresidenti, e 16 uomini, tra cui due vicepresidenti, per un totale di 40 donne, contro le 22 proposte dagli Stati membri. Solo 6 erano gi\u00e0 membri della commissione; 21 sono quindi nuovi candidati.<\/p>\n<p>Va inoltre sottolineato uno squilibrio politico tra il peso dei gruppi politici emersi dalle elezioni e il numero di candidati commissari appartenenti a ciascuno di essi: 12 candidati commissari sono cristiano-democratici, come la Presidente. Certo, il PPE \u00e8 risultato primo alle elezioni, ma ci sono solo 4 candidati del gruppo S&amp;D, che pure \u00e8 arrivato secondo, 5 liberali di Renew, che ora occupano il quinto posto nell\u2019Aula, 4 indipendenti e persino il candidato italiano del gruppo CRE della signora Meloni, di estrema destra \u00abmoderata\u00bb, che erediterebbe il portafoglio della coesione e delle riforme, ovvero dei fondi strutturali europei. Il cordone sanitario \u00e8 saltato! Proprio come al Parlamento europeo per questo gruppo.<\/p>\n<p><strong>Nel complesso, si assiste a una forte svolta a destra della Commissione<\/strong>.<\/p>\n<p>Ma sono ovviamente i contenuti dei portafogli loro assegnati ad avere maggiore rilevanza.<\/p>\n<p>Per quanto riguarda le vicepresidenze:<\/p>\n<p>Come prima vicepresidente, l\u2019estone Kaja Kallas, proposta dal Consiglio europeo per ricoprire la carica di Alto rappresentante dell\u2019UE per gli affari esteri e la politica di sicurezza.<\/p>\n<p>Il secondo vicepresidente St\u00e9phane S\u00e9journ\u00e9, che ha ricoperto per un breve periodo la carica di ministro francese per l\u2019Europa e gli Affari esteri nel governo Attal, \u00e8 il sostituto dell\u2019ultimo minuto di Thierry Breton, che la signora von der Leyen non voleva pi\u00f9.\u00a0 La Francia, che ha acconsentito, ha ottenuto un vicepresidente in cambio della rinuncia al proprio commissario uscente, Thierry Breton. Quest\u2019ultimo \u00e8 stato designato per il portafoglio della Prosperit\u00e0 e della Strategia industriale.<\/p>\n<p>La Spagna ottiene un seggio di vicepresidente assegnato alla signora Teresa Ribera, finora numero due del governo spagnolo, che sar\u00e0 incaricata della transizione verso un\u2019economia pulita, equa e competitiva.<\/p>\n<p>La Finlandia avr\u00e0 una vicepresidente incaricata della sovranit\u00e0 tecnologica, della sicurezza e della democrazia.<\/p>\n<p>La rumena si occuper\u00e0 del personale, delle competenze e dello stato di preparazione<\/p>\n<p>Il 6<sup>th<\/sup> Il vicepresidente sar\u00e0 l'italiano R. Fitto (che faceva parte del governo italiano) e sar\u00e0 incaricato del ricco portafoglio della coesione e delle riforme, il secondo pi\u00f9 consistente in termini di dotazione nel bilancio europeo.<\/p>\n<p>Per quanto riguarda i commissari, va innanzitutto segnalato il commissario <strong>il lituano A. Kubilius<\/strong> che sar\u00e0 incaricato di occuparsi dell'importantissimo dossier relativo alla <strong>della difesa e dello spazio.<\/strong> Dovr\u00e0 coordinarsi con la vicepresidente estone Kaja Kallas.<\/p>\n<p>Per quanto riguarda l\u2019Austria, il suo candidato Magnus Brunner dovr\u00e0 concentrarsi sull\u2019attuazione del <strong>accordo su \u00a0<u>l'asilo e la migrazione<\/u><\/strong>, il che risulter\u00e0 complicato, visto il risultato delle ultime elezioni austriache, fortemente influenzato dall'estrema destra ostile a questo patto.<\/p>\n<p>La commissaria croata sar\u00e0 la prima a occuparsi del <u>nuovo portafoglio per la <strong>Mediterraneo<\/strong><\/u>. Il danese sar\u00e0 il primo commissario al <strong><u>alloggio, nuovo portafoglio<\/u><\/strong><u> e dell'energia<\/u>. Il commissario ungherese si occuper\u00e0 della <u>salute e benessere degli animali<\/u>. Pur essendo vicino a Orb\u00e1n, non \u00e8 membro del suo partito.<\/p>\n<p>L'irlandese si occuper\u00e0 del portafoglio della democrazia, della giustizia e dello Stato di diritto, che in precedenza era di competenza del commissario belga Reynders. La rappresentante belga \u00e8 la signora <u>Hadja Lahbib, responsabile degli aiuti umanitari e delle crisi<\/u>. Il lettone V. Dombrowski ottiene il suo terzo mandato <strong>l'economia e la produttivit\u00e0<\/strong>.<\/p>\n<p>Il lussemburghese C. Hansen avr\u00e0 il compito di <strong>dell'agricoltura e dell'alimentazione\u00a0<\/strong>; il maltese si occuper\u00e0 della cultura giovanile e dello sport, nonch\u00e9 dell\u2019equit\u00e0 intergenerazionale; l\u2019olandese si occuper\u00e0 del cambiamento climatico, della neutralit\u00e0 carbonica e della crescita pulita; l\u2019importantissimo portafoglio <strong>da <u>bilancio, <\/u>della lotta contro le frodi e dell'amministrazione<\/strong> spetta a <u>polacco, Piotr Serafin<\/u>\u00a0: dovr\u00e0 in particolare preparare <strong>il bilancio a lungo termine<\/strong>, il quadro finanziario pluriennale di 7 anni; la portoghese Albuquerque si occuper\u00e0 dell\u2019importantissimo portafoglio dei <strong>servizi finanziari nel settore del risparmio e degli investimenti<\/strong>\u00a0; il ceco responsabile delle collaborazioni internazionali; lo slovacco Marco Sefkovic, al suo quarto mandato, si occuper\u00e0 questa volta del <strong>commercio e sicurezza economica<\/strong>\u00a0;  la slovena responsabile per l\u2019allargamento e il vicinato orientale e infine la svedese responsabile per <strong>l'ambiente<\/strong> , della resilienza idrica e di un\u2019economia circolare competitiva.<\/p>\n<p>Come si pu\u00f2 vedere, i \u00abpiccoli\u00bb paesi, in particolare quelli baltici, ricevono dotazioni di bilancio estremamente consistenti per contrastare la Russia attraverso il sostegno all\u2019Ucraina. Anche i grandi paesi, come Francia, Spagna e Polonia, sono ben rappresentati. Si sta verificando una sorta di riequilibrio tra nord e sud e, soprattutto, tra ovest ed est.<\/p>\n<p>Le audizioni dei commissari si terranno nel mese di novembre. Si prevede che, durante la sessione parlamentare dal 16 al 19 dicembre, l\u2019intero collegio sar\u00e0 sottoposto al voto del Parlamento europeo e che la nuova Commissione potrebbe entrare in carica il 1<sup>er<\/sup> gennaio del prossimo anno. Le esperienze passate dimostrano che il Parlamento non esita a respingere l\u2019una o l\u2019altra candidatura. Ci\u00f2 potrebbe verificarsi anche quest\u2019anno con la candidatura italiana di Fitto, esponente dell\u2019estrema destra di Meloni.<\/p>\n<p>Conclusioni provvisorie<\/p>\n<p>Purtroppo bisogna constatare l\u2019ascesa dell\u2019estrema destra in tutte le istituzioni. Ci\u00f2 \u00e8 certamente in linea con l\u2019evoluzione dell\u2019opinione pubblica nella maggior parte degli Stati membri, ma bisogna continuare a lottare contro questi estremismi prima che sia troppo tardi. L\u2019obiettivo di questi movimenti estremisti, infatti, \u00e8 quello di sostituire la ricerca di una sovranit\u00e0 europea con il ripristino di molteplici sovranit\u00e0 nazionali, chiudendo le nostre frontiere e indicando i migranti, e talvolta semplicemente \u00abl\u2019altro\u00bb, come capri espiatori. La nostra casa comune rischia quindi di crollare e sar\u00e0 troppo tardi per constatare, come sta dolorosamente facendo il Regno Unito, che separatamente gli Stati europei non hanno pi\u00f9 grande peso sulla scena mondiale, e che solo uniti potremo preservare il nostro stile di vita europeo e i valori della democrazia e dello Stato di diritto.<\/p>\n<p><strong>Eric PARADIS<\/strong><\/p>\n<p>&nbsp;<\/p>\n<p>&nbsp;<\/p>\n<p>&nbsp;<\/p>","protected":false},"excerpt":{"rendered":"<p>Quale Europa per il prossimo quinquennio 2024-2029? Parte II La Commissione europea. \u00c8 naturalmente nell'ambito di questo programma strategico che sono stati definiti gli orientamenti politici per la prossima Commissione europea 2024-2029, nel discorso intitolato \"...<\/p>","protected":false},"author":2,"featured_media":914,"comment_status":"closed","ping_status":"open","sticky":false,"template":"","format":"standard","meta":{"_acf_changed":false,"footnotes":""},"categories":[9],"tags":[],"class_list":["post-951","post","type-post","status-publish","format-standard","has-post-thumbnail","hentry","category-info-lettres"],"acf":[],"_links":{"self":[{"href":"https:\/\/aepl.eu\/it\/wp-json\/wp\/v2\/posts\/951","targetHints":{"allow":["GET"]}}],"collection":[{"href":"https:\/\/aepl.eu\/it\/wp-json\/wp\/v2\/posts"}],"about":[{"href":"https:\/\/aepl.eu\/it\/wp-json\/wp\/v2\/types\/post"}],"author":[{"embeddable":true,"href":"https:\/\/aepl.eu\/it\/wp-json\/wp\/v2\/users\/2"}],"replies":[{"embeddable":true,"href":"https:\/\/aepl.eu\/it\/wp-json\/wp\/v2\/comments?post=951"}],"version-history":[{"count":0,"href":"https:\/\/aepl.eu\/it\/wp-json\/wp\/v2\/posts\/951\/revisions"}],"wp:featuredmedia":[{"embeddable":true,"href":"https:\/\/aepl.eu\/it\/wp-json\/wp\/v2\/media\/914"}],"wp:attachment":[{"href":"https:\/\/aepl.eu\/it\/wp-json\/wp\/v2\/media?parent=951"}],"wp:term":[{"taxonomy":"category","embeddable":true,"href":"https:\/\/aepl.eu\/it\/wp-json\/wp\/v2\/categories?post=951"},{"taxonomy":"post_tag","embeddable":true,"href":"https:\/\/aepl.eu\/it\/wp-json\/wp\/v2\/tags?post=951"}],"curies":[{"name":"wp","href":"https:\/\/api.w.org\/{rel}","templated":true}]}}