{"id":444,"date":"2020-06-10T10:48:58","date_gmt":"2020-06-10T08:48:58","guid":{"rendered":"https:\/\/aepl.eu\/?p=444"},"modified":"2023-07-12T09:55:39","modified_gmt":"2023-07-12T07:55:39","slug":"lettera-della-signora-von-der-leyen-intelligenza-artificiale","status":"publish","type":"post","link":"https:\/\/aepl.eu\/it\/lettera-della-signora-von-der-leyen-intelligenza-artificiale\/","title":{"rendered":"Governance dell'intelligenza artificiale\" Lettera dell'AEPL"},"content":{"rendered":"<p style=\"font-weight: 400;\">Signora Presidente della Commissione europea,<\/p>\n<p style=\"font-weight: 400;\"><strong>Verso un'intelligenza artificiale etica. <\/strong><\/p>\n<p style=\"font-weight: 400;\">La sua visione europea dell'intelligenza artificiale, che d\u00e0 il primato all'etica, continua a suscitare l'attenzione dell'Associazione Europea del Libero Pensiero (AEPL).<\/p>\n<p style=\"font-weight: 400;\">L'Associazione Europea del Libero Pensiero \u00e8 regolarmente informata e consultata dalla Commissione Europea nell'ambito del Dialogo, articolo 17 del Trattato di Lisbona (TFUE).  L'AEPL \u00e8 riconosciuta come un'organizzazione non confessionale che sostiene il progetto europeo. Per questo motivo \u00e8 molto interessata all'Intelligenza Artificiale e ai suoi aspetti etici.<\/p>\n<p style=\"font-weight: 400;\">Vi scriviamo in merito ai documenti pubblicati dai vostri dipartimenti il 19 febbraio 2020. Le nostre osservazioni sono contenute in due documenti complementari:<\/p>\n<ol>\n<li><em>Verso una migliore governance europea dell'intelligenza artificiale. <\/em><\/li>\n<li><em>Commenti sul \"Libro bianco sull'intelligenza artificiale<\/em> &#8211; <em>Une approche europ\u00e9enne bas\u00e9e sur l\u2019excellence et la confiance \u00bb, \u00ab Une strat\u00e9gie europ\u00e9enne pour les donn\u00e9es \u00bb, \u00ab Fa\u00e7onner l&rsquo;avenir num\u00e9rique de l&rsquo;Europe : la Commission pr\u00e9sente des strat\u00e9gies en mati\u00e8re de donn\u00e9es et d&rsquo;intelligence artificielle \u00bb. <\/em><\/li>\n<\/ol>\n<p style=\"font-weight: 400;\">Restiamo a disposizione per rispondere a qualsiasi domanda. Voglia accettare, Signora Presidente, l'assicurazione della nostra massima considerazione.<\/p>\n<p style=\"font-weight: 400;\">\u00a0 \u00a0 \u00a0 \u00a0 \u00a0 \u00a0 \u00a0 \u00a0 \u00a0 \u00a0 \u00a0 Tony Van der HAEGEN Claude WACHTELAER<\/p>\n<p style=\"font-weight: 400;\">\u00a0 \u00a0 \u00a0 \u00a0 \u00a0 \u00a0 \u00a0 \u00a0 \u00a0 \u00a0 \u00a0 Vicepresidente Presidente<\/p>\n<p style=\"font-weight: 400;\">","protected":false},"excerpt":{"rendered":"<p>Signora Presidente della Commissione europea, Per un'intelligenza artificiale etica. La sua visione europea dell'intelligenza artificiale, che privilegia l'etica, continua a suscitare l'attenzione dell'Associazione europea del libero pensiero (EFTA). L'Associazione Europea del Libero...<\/p>","protected":false},"author":2,"featured_media":603,"comment_status":"open","ping_status":"open","sticky":false,"template":"","format":"standard","meta":{"_acf_changed":false,"footnotes":""},"categories":[1,16],"tags":[],"class_list":["post-444","post","type-post","status-publish","format-standard","has-post-thumbnail","hentry","category-nouvelles","category-correspondance-officielle"],"acf":[],"_links":{"self":[{"href":"https:\/\/aepl.eu\/it\/wp-json\/wp\/v2\/posts\/444","targetHints":{"allow":["GET"]}}],"collection":[{"href":"https:\/\/aepl.eu\/it\/wp-json\/wp\/v2\/posts"}],"about":[{"href":"https:\/\/aepl.eu\/it\/wp-json\/wp\/v2\/types\/post"}],"author":[{"embeddable":true,"href":"https:\/\/aepl.eu\/it\/wp-json\/wp\/v2\/users\/2"}],"replies":[{"embeddable":true,"href":"https:\/\/aepl.eu\/it\/wp-json\/wp\/v2\/comments?post=444"}],"version-history":[{"count":0,"href":"https:\/\/aepl.eu\/it\/wp-json\/wp\/v2\/posts\/444\/revisions"}],"wp:featuredmedia":[{"embeddable":true,"href":"https:\/\/aepl.eu\/it\/wp-json\/wp\/v2\/media\/603"}],"wp:attachment":[{"href":"https:\/\/aepl.eu\/it\/wp-json\/wp\/v2\/media?parent=444"}],"wp:term":[{"taxonomy":"category","embeddable":true,"href":"https:\/\/aepl.eu\/it\/wp-json\/wp\/v2\/categories?post=444"},{"taxonomy":"post_tag","embeddable":true,"href":"https:\/\/aepl.eu\/it\/wp-json\/wp\/v2\/tags?post=444"}],"curies":[{"name":"wp","href":"https:\/\/api.w.org\/{rel}","templated":true}]}}