{"id":422,"date":"2022-08-12T10:00:24","date_gmt":"2022-08-12T08:00:24","guid":{"rendered":"https:\/\/aepl.eu\/?p=422"},"modified":"2023-07-12T10:00:54","modified_gmt":"2023-07-12T08:00:54","slug":"carta-de-la-sra-von-der-leyen","status":"publish","type":"post","link":"https:\/\/aepl.eu\/es\/carta-de-la-sra-von-der-leyen\/","title":{"rendered":"Carta de la AEPL \"Libertad de convicci\u00f3n filos\u00f3fica"},"content":{"rendered":"<p style=\"font-weight: 400;\">Se\u00f1ora Presidenta de la Comisi\u00f3n Europea<\/p>\n<p style=\"font-weight: 400;\">En nombre de la Association Europ\u00e9enne de la Pens\u00e9e Libre (AEPL), bien conocida por sus servicios, nos ponemos en contacto con usted para expresarle una serie de reservas sobre el principio mismo del nombramiento de un nuevo enviado especial para la Uni\u00f3n Europea. <strong>protecci\u00f3n en terceros pa\u00edses de la libertad de religi\u00f3n o de la libertad de no creer<\/strong>.<\/p>\n<p style=\"font-weight: 400;\">Observamos que los c\u00edrculos confesionales han emprendido una intensa actividad de presi\u00f3n con vistas al nombramiento de un nuevo enviado especial que suceda al Sr. Christos Stylianides.<\/p>\n<p style=\"font-weight: 400;\">Uno de los nombres que ha estado circulando en los \u00faltimos d\u00edas cuenta con el notorio apoyo del diario vaticano L'Osservatore Romano, que sugiere que dicho enviado especial, en caso de ser nombrado, no dar\u00eda la misma prioridad a la protecci\u00f3n de los no creyentes en terceros pa\u00edses, que tambi\u00e9n son perseguidos en algunas partes del mundo.<\/p>\n<p style=\"font-weight: 400;\">A esto se a\u00f1ade el hecho de que la idea de nombrar a un enviado especial duplica las Directrices, adoptadas por el Consejo de Asuntos Exteriores el 24 de junio de 2013, que establecen que la protecci\u00f3n de la libertad de religi\u00f3n o de creencias est\u00e1 plenamente garantizada por las embajadas de los Estados miembros y las embajadas de la UE en terceros pa\u00edses. Por lo tanto, est\u00e1n mejor equipadas para llevar a cabo esta tarea que un hombre o una mujer solos, por no hablar de los costes innecesarios que ello supondr\u00eda, lo que podr\u00eda considerarse mala administraci\u00f3n.<\/p>\n<p style=\"font-weight: 400;\">\u00a0\u00a0\u00a0\u00a0\u00a0\u00a0\u00a0\u00a0\u00a0\u00a0\u00a0\u00a0\u00a0\u00a0\u00a0\u00a0\u00a0 Tony Van der haegen Guy T'hooft<\/p>\n<p style=\"font-weight: 400;\">\u00a0 \u00a0 \u00a0 \u00a0 \u00a0 \u00a0 \u00a0 \u00a0 \u00a0 \u00a0Relaciones con el Presidente<br \/>\ncon las instituciones europeas<\/p>\n<p style=\"font-weight: 400;\">CC . Bjoern Seibert, Jefe de Gabinete de la Sra. von der Leyen<\/p>\n<ol>\n<li style=\"font-weight: 400;\">Josep Borrell, Alto Representante de la UE para Asuntos Exteriores y Pol\u00edtica de Seguridad<\/li>\n<li style=\"font-weight: 400;\">Margaritis Schinas, Vicepresidente de la Comisi\u00f3n Europea, responsable del di\u00e1logo en virtud del art\u00edculo 17 del TFUE<\/li>\n<li style=\"font-weight: 400;\">Vincent Depaigne<\/li>\n<\/ol>\n<p style=\"font-weight: 400;\">","protected":false},"excerpt":{"rendered":"<p>Se\u00f1ora Presidenta de la Comisi\u00f3n Europea En nombre de la Association Europ\u00e9enne de la Pens\u00e9e Libre (AEPL), bien conocida por sus servicios, nos dirigimos a usted para expresarle una serie de reservas relativas al principio mismo de...<\/p>","protected":false},"author":2,"featured_media":606,"comment_status":"open","ping_status":"open","sticky":false,"template":"","format":"standard","meta":{"_acf_changed":false,"footnotes":""},"categories":[1,16],"tags":[],"class_list":["post-422","post","type-post","status-publish","format-standard","has-post-thumbnail","hentry","category-nouvelles","category-correspondance-officielle"],"acf":[],"_links":{"self":[{"href":"https:\/\/aepl.eu\/es\/wp-json\/wp\/v2\/posts\/422","targetHints":{"allow":["GET"]}}],"collection":[{"href":"https:\/\/aepl.eu\/es\/wp-json\/wp\/v2\/posts"}],"about":[{"href":"https:\/\/aepl.eu\/es\/wp-json\/wp\/v2\/types\/post"}],"author":[{"embeddable":true,"href":"https:\/\/aepl.eu\/es\/wp-json\/wp\/v2\/users\/2"}],"replies":[{"embeddable":true,"href":"https:\/\/aepl.eu\/es\/wp-json\/wp\/v2\/comments?post=422"}],"version-history":[{"count":0,"href":"https:\/\/aepl.eu\/es\/wp-json\/wp\/v2\/posts\/422\/revisions"}],"wp:featuredmedia":[{"embeddable":true,"href":"https:\/\/aepl.eu\/es\/wp-json\/wp\/v2\/media\/606"}],"wp:attachment":[{"href":"https:\/\/aepl.eu\/es\/wp-json\/wp\/v2\/media?parent=422"}],"wp:term":[{"taxonomy":"category","embeddable":true,"href":"https:\/\/aepl.eu\/es\/wp-json\/wp\/v2\/categories?post=422"},{"taxonomy":"post_tag","embeddable":true,"href":"https:\/\/aepl.eu\/es\/wp-json\/wp\/v2\/tags?post=422"}],"curies":[{"name":"wp","href":"https:\/\/api.w.org\/{rel}","templated":true}]}}